{"id":3442,"date":"2021-01-17T11:33:23","date_gmt":"2021-01-17T11:33:23","guid":{"rendered":"http:\/\/one.peakteam.co\/?p=3442"},"modified":"2022-06-20T23:25:46","modified_gmt":"2022-06-20T23:25:46","slug":"com-que-idade-devo-levar-minha-filha-ao-ginecologista","status":"publish","type":"post","link":"https:\/\/www.amaclinicadamulher.com.br\/?p=3442","title":{"rendered":"Com que idade devo levar minha filha ao ginecologista?"},"content":{"rendered":"<p>As meninas crescem e viram mulheres. Esse \u00e9 um processo natural, mas que requer aten\u00e7\u00e3o e apoio dos pais, pois \u00e9 um novo ciclo que se inicia. Quando essas mudan\u00e7as come\u00e7arem a acontecer, e a primeira menstrua\u00e7\u00e3o vier, \u00e9 hora de voc\u00eas, pais, levarem sua filha ao ginecologista pela primeira vez.<\/p>\n<p><em><strong>Na primeira consulta, a m\u00e3e deve acompanh\u00e1-la pois o m\u00e9dico far\u00e1 algumas perguntas para ambas, para que seja poss\u00edvel saber o hist\u00f3rico familiar. Al\u00e9m disso, ele conversar\u00e1 com a adolescente para lhe ensinar a forma correta de se limpar, como lavar a regi\u00e3o \u00edntima, que tipos de produtos usar, ir\u00e1 falar sobre as mudan\u00e7as no corpo e sobre o ciclo menstrual, ou seja, ir\u00e1 orientar a adolescente nessa nova fase.<\/strong><\/em><\/p>\n<p>Esse momento \u00e9 importante tamb\u00e9m para falar sobre a vida sexual. Pode assustar, n\u00e3o \u00e9? Mas a necessidade do uso do preservativo, doen\u00e7as sexualmente transmiss\u00edveis e gravidez na adolesc\u00eancia devem ser temas debatidos desde sempre.<\/p>\n<p>Esse momento n\u00e3o precisa ser tratado como algo vergonhoso, e cabe aos pais encorajarem suas filhas a primeira ida ao ginecologista e tratarem de forma aberta sobre a sexualidade.<\/p>\n","protected":false},"excerpt":{"rendered":"<p>As meninas crescem e viram mulheres. Esse \u00e9 um processo natural, mas que requer aten\u00e7\u00e3o e apoio dos pais, pois \u00e9 um novo ciclo que se inicia. Quando essas mudan\u00e7as come\u00e7arem a acontecer, e a primeira menstrua\u00e7\u00e3o vier, \u00e9 hora de voc\u00eas, pais, levarem sua filha ao ginecologista pela primeira vez. Na primeira consulta, a [&hellip;]<\/p>\n","protected":false},"author":1,"featured_media":11146,"comment_status":"open","ping_status":"open","sticky":false,"template":"","format":"standard","meta":{"_joinchat":[],"footnotes":""},"categories":[31],"tags":[34,32,33],"class_list":["post-3442","post","type-post","status-publish","format-standard","has-post-thumbnail","hentry","category-ginecologia","tag-consulta","tag-ginecologia","tag-idade"],"yoast_head":"<!-- This site is optimized with the Yoast SEO plugin v21.8 - https:\/\/yoast.com\/wordpress\/plugins\/seo\/ -->\n<title>Com que idade devo levar minha filha ao ginecologista? - AMA<\/title>\n<meta name=\"robots\" content=\"index, follow, max-snippet:-1, max-image-preview:large, max-video-preview:-1\" \/>\n<link rel=\"canonical\" href=\"https:\/\/www.amaclinicadamulher.com.br\/?p=3442\" \/>\n<meta property=\"og:locale\" content=\"pt_BR\" \/>\n<meta property=\"og:type\" content=\"article\" \/>\n<meta property=\"og:title\" content=\"Com que idade devo levar minha filha ao ginecologista? - AMA\" \/>\n<meta property=\"og:description\" content=\"As meninas crescem e viram mulheres. Esse \u00e9 um processo natural, mas que requer aten\u00e7\u00e3o e apoio dos pais, pois \u00e9 um novo ciclo que se inicia. Quando essas mudan\u00e7as come\u00e7arem a acontecer, e a primeira menstrua\u00e7\u00e3o vier, \u00e9 hora de voc\u00eas, pais, levarem sua filha ao ginecologista pela primeira vez. Na primeira consulta, a [&hellip;]\" \/>\n<meta property=\"og:url\" content=\"https:\/\/www.amaclinicadamulher.com.br\/?p=3442\" \/>\n<meta property=\"og:site_name\" content=\"AMA\" \/>\n<meta property=\"article:published_time\" content=\"2021-01-17T11:33:23+00:00\" \/>\n<meta property=\"article:modified_time\" content=\"2022-06-20T23:25:46+00:00\" \/>\n<meta property=\"og:image\" content=\"https:\/\/www.amaclinicadamulher.com.br\/wp-content\/uploads\/2021\/01\/blog2.jpg\" \/>\n\t<meta property=\"og:image:width\" content=\"2560\" \/>\n\t<meta property=\"og:image:height\" content=\"1707\" \/>\n\t<meta property=\"og:image:type\" content=\"image\/jpeg\" \/>\n<meta name=\"author\" content=\"admin\" \/>\n<meta name=\"twitter:card\" content=\"summary_large_image\" \/>\n<meta name=\"twitter:label1\" content=\"Escrito por\" \/>\n\t<meta name=\"twitter:data1\" content=\"admin\" \/>\n\t<meta name=\"twitter:label2\" content=\"Est. tempo de leitura\" \/>\n\t<meta name=\"twitter:data2\" content=\"2 minutos\" \/>\n<script type=\"application\/ld+json\" class=\"yoast-schema-graph\">{\"@context\":\"https:\/\/schema.org\",\"@graph\":[{\"@type\":\"WebPage\",\"@id\":\"https:\/\/www.amaclinicadamulher.com.br\/?p=3442\",\"url\":\"https:\/\/www.amaclinicadamulher.com.br\/?p=3442\",\"name\":\"Com que idade devo levar minha filha ao ginecologista? - AMA\",\"isPartOf\":{\"@id\":\"https:\/\/www.amaclinicadamulher.com.br\/#website\"},\"datePublished\":\"2021-01-17T11:33:23+00:00\",\"dateModified\":\"2022-06-20T23:25:46+00:00\",\"author\":{\"@id\":\"https:\/\/www.amaclinicadamulher.com.br\/#\/schema\/person\/f726ad4b1da1adeecf84f9e4722548e0\"},\"breadcrumb\":{\"@id\":\"https:\/\/www.amaclinicadamulher.com.br\/?p=3442#breadcrumb\"},\"inLanguage\":\"pt-BR\",\"potentialAction\":[{\"@type\":\"ReadAction\",\"target\":[\"https:\/\/www.amaclinicadamulher.com.br\/?p=3442\"]}]},{\"@type\":\"BreadcrumbList\",\"@id\":\"https:\/\/www.amaclinicadamulher.com.br\/?p=3442#breadcrumb\",\"itemListElement\":[{\"@type\":\"ListItem\",\"position\":1,\"name\":\"In\u00edcio\",\"item\":\"https:\/\/www.amaclinicadamulher.com.br\/\"},{\"@type\":\"ListItem\",\"position\":2,\"name\":\"Com que idade devo levar minha filha ao ginecologista?\"}]},{\"@type\":\"WebSite\",\"@id\":\"https:\/\/www.amaclinicadamulher.com.br\/#website\",\"url\":\"https:\/\/www.amaclinicadamulher.com.br\/\",\"name\":\"AMA\",\"description\":\"Ginecologia e Obstetr\u00edcia - Clinica da Mulher em Goi\u00e2nia - GO\",\"potentialAction\":[{\"@type\":\"SearchAction\",\"target\":{\"@type\":\"EntryPoint\",\"urlTemplate\":\"https:\/\/www.amaclinicadamulher.com.br\/?s={search_term_string}\"},\"query-input\":\"required name=search_term_string\"}],\"inLanguage\":\"pt-BR\"},{\"@type\":\"Person\",\"@id\":\"https:\/\/www.amaclinicadamulher.com.br\/#\/schema\/person\/f726ad4b1da1adeecf84f9e4722548e0\",\"name\":\"admin\",\"image\":{\"@type\":\"ImageObject\",\"inLanguage\":\"pt-BR\",\"@id\":\"https:\/\/www.amaclinicadamulher.com.br\/#\/schema\/person\/image\/\",\"url\":\"https:\/\/secure.gravatar.com\/avatar\/a72b347f184514ef2c39eca0799423bc1abb484a5493285875139dbebdbbb642?s=96&d=mm&r=g\",\"contentUrl\":\"https:\/\/secure.gravatar.com\/avatar\/a72b347f184514ef2c39eca0799423bc1abb484a5493285875139dbebdbbb642?s=96&d=mm&r=g\",\"caption\":\"admin\"},\"sameAs\":[\"https:\/\/amaginecologiaeobstetricia.com.br\"],\"url\":\"https:\/\/www.amaclinicadamulher.com.br\/?author=1\"}]}<\/script>\n<!-- \/ Yoast SEO plugin. -->","yoast_head_json":{"title":"Com que idade devo levar minha filha ao ginecologista? - AMA","robots":{"index":"index","follow":"follow","max-snippet":"max-snippet:-1","max-image-preview":"max-image-preview:large","max-video-preview":"max-video-preview:-1"},"canonical":"https:\/\/www.amaclinicadamulher.com.br\/?p=3442","og_locale":"pt_BR","og_type":"article","og_title":"Com que idade devo levar minha filha ao ginecologista? - AMA","og_description":"As meninas crescem e viram mulheres. Esse \u00e9 um processo natural, mas que requer aten\u00e7\u00e3o e apoio dos pais, pois \u00e9 um novo ciclo que se inicia. Quando essas mudan\u00e7as come\u00e7arem a acontecer, e a primeira menstrua\u00e7\u00e3o vier, \u00e9 hora de voc\u00eas, pais, levarem sua filha ao ginecologista pela primeira vez. Na primeira consulta, a [&hellip;]","og_url":"https:\/\/www.amaclinicadamulher.com.br\/?p=3442","og_site_name":"AMA","article_published_time":"2021-01-17T11:33:23+00:00","article_modified_time":"2022-06-20T23:25:46+00:00","og_image":[{"width":2560,"height":1707,"url":"https:\/\/www.amaclinicadamulher.com.br\/wp-content\/uploads\/2021\/01\/blog2.jpg","type":"image\/jpeg"}],"author":"admin","twitter_card":"summary_large_image","twitter_misc":{"Escrito por":"admin","Est. tempo de leitura":"2 minutos"},"schema":{"@context":"https:\/\/schema.org","@graph":[{"@type":"WebPage","@id":"https:\/\/www.amaclinicadamulher.com.br\/?p=3442","url":"https:\/\/www.amaclinicadamulher.com.br\/?p=3442","name":"Com que idade devo levar minha filha ao ginecologista? - AMA","isPartOf":{"@id":"https:\/\/www.amaclinicadamulher.com.br\/#website"},"datePublished":"2021-01-17T11:33:23+00:00","dateModified":"2022-06-20T23:25:46+00:00","author":{"@id":"https:\/\/www.amaclinicadamulher.com.br\/#\/schema\/person\/f726ad4b1da1adeecf84f9e4722548e0"},"breadcrumb":{"@id":"https:\/\/www.amaclinicadamulher.com.br\/?p=3442#breadcrumb"},"inLanguage":"pt-BR","potentialAction":[{"@type":"ReadAction","target":["https:\/\/www.amaclinicadamulher.com.br\/?p=3442"]}]},{"@type":"BreadcrumbList","@id":"https:\/\/www.amaclinicadamulher.com.br\/?p=3442#breadcrumb","itemListElement":[{"@type":"ListItem","position":1,"name":"In\u00edcio","item":"https:\/\/www.amaclinicadamulher.com.br\/"},{"@type":"ListItem","position":2,"name":"Com que idade devo levar minha filha ao ginecologista?"}]},{"@type":"WebSite","@id":"https:\/\/www.amaclinicadamulher.com.br\/#website","url":"https:\/\/www.amaclinicadamulher.com.br\/","name":"AMA","description":"Ginecologia e Obstetr\u00edcia - Clinica da Mulher em Goi\u00e2nia - GO","potentialAction":[{"@type":"SearchAction","target":{"@type":"EntryPoint","urlTemplate":"https:\/\/www.amaclinicadamulher.com.br\/?s={search_term_string}"},"query-input":"required name=search_term_string"}],"inLanguage":"pt-BR"},{"@type":"Person","@id":"https:\/\/www.amaclinicadamulher.com.br\/#\/schema\/person\/f726ad4b1da1adeecf84f9e4722548e0","name":"admin","image":{"@type":"ImageObject","inLanguage":"pt-BR","@id":"https:\/\/www.amaclinicadamulher.com.br\/#\/schema\/person\/image\/","url":"https:\/\/secure.gravatar.com\/avatar\/a72b347f184514ef2c39eca0799423bc1abb484a5493285875139dbebdbbb642?s=96&d=mm&r=g","contentUrl":"https:\/\/secure.gravatar.com\/avatar\/a72b347f184514ef2c39eca0799423bc1abb484a5493285875139dbebdbbb642?s=96&d=mm&r=g","caption":"admin"},"sameAs":["https:\/\/amaginecologiaeobstetricia.com.br"],"url":"https:\/\/www.amaclinicadamulher.com.br\/?author=1"}]}},"_links":{"self":[{"href":"https:\/\/www.amaclinicadamulher.com.br\/index.php?rest_route=\/wp\/v2\/posts\/3442","targetHints":{"allow":["GET"]}}],"collection":[{"href":"https:\/\/www.amaclinicadamulher.com.br\/index.php?rest_route=\/wp\/v2\/posts"}],"about":[{"href":"https:\/\/www.amaclinicadamulher.com.br\/index.php?rest_route=\/wp\/v2\/types\/post"}],"author":[{"embeddable":true,"href":"https:\/\/www.amaclinicadamulher.com.br\/index.php?rest_route=\/wp\/v2\/users\/1"}],"replies":[{"embeddable":true,"href":"https:\/\/www.amaclinicadamulher.com.br\/index.php?rest_route=%2Fwp%2Fv2%2Fcomments&post=3442"}],"version-history":[{"count":1,"href":"https:\/\/www.amaclinicadamulher.com.br\/index.php?rest_route=\/wp\/v2\/posts\/3442\/revisions"}],"predecessor-version":[{"id":11147,"href":"https:\/\/www.amaclinicadamulher.com.br\/index.php?rest_route=\/wp\/v2\/posts\/3442\/revisions\/11147"}],"wp:featuredmedia":[{"embeddable":true,"href":"https:\/\/www.amaclinicadamulher.com.br\/index.php?rest_route=\/wp\/v2\/media\/11146"}],"wp:attachment":[{"href":"https:\/\/www.amaclinicadamulher.com.br\/index.php?rest_route=%2Fwp%2Fv2%2Fmedia&parent=3442"}],"wp:term":[{"taxonomy":"category","embeddable":true,"href":"https:\/\/www.amaclinicadamulher.com.br\/index.php?rest_route=%2Fwp%2Fv2%2Fcategories&post=3442"},{"taxonomy":"post_tag","embeddable":true,"href":"https:\/\/www.amaclinicadamulher.com.br\/index.php?rest_route=%2Fwp%2Fv2%2Ftags&post=3442"}],"curies":[{"name":"wp","href":"https:\/\/api.w.org\/{rel}","templated":true}]}}